{"id":4283,"date":"2024-06-27T15:14:56","date_gmt":"2024-06-27T13:14:56","guid":{"rendered":"https:\/\/cote-ivoire.diplomatie.gov.bf\/?p=4283"},"modified":"2024-07-23T14:39:29","modified_gmt":"2024-07-23T12:39:29","slug":"une-delegation-de-parlementaires-a-la-rencontre-de-la-diaspora-burkinabe-au-mali","status":"publish","type":"post","link":"https:\/\/cote-ivoire.diplomatie.gov.bf\/index.php\/une-delegation-de-parlementaires-a-la-rencontre-de-la-diaspora-burkinabe-au-mali\/","title":{"rendered":"Une d\u00e9l\u00e9gation de parlementaires \u00e0 la rencontre de la diaspora Burkinab\u00e8 au Mali"},"content":{"rendered":"<div dir=\"auto\">Face \u00e0 la diaspora burkinab\u00e8 \u00e0 Bamako au Mali, ce mercredi 14 d\u00e9cembre 2022, le pr\u00e9sident de l&rsquo;Assembl\u00e9e l\u00e9gislative de Transition, Dr. Ousmane Bougouma, assist\u00e9 du 3eme vice-pr\u00e9sident de l&rsquo;ALT, Ousmane Diallo, et du pr\u00e9sident de la commission en charge des affaires \u00e9trang\u00e8res de la s\u00e9curit\u00e9 et des burkinab\u00e8 de l&rsquo;\u00e9tranger Daniel Zoungrana.<\/div>\n<div dir=\"auto\">Trois interventions ont introduit les d\u00e9bats. Celle du charg\u00e9 d&rsquo;affaires a.i de l&rsquo;ambassade du Burkina au Mali Dramane Diabat\u00e9 qui a pr\u00e9sent\u00e9 la juridiction. Le deuxi\u00e8me \u00e0 prendre la parole, le repr\u00e9sentant de la communaut\u00e9 burkinab\u00e8 au Mali, Souleymane Sawadogo, a \u00e9num\u00e9r\u00e9 les difficult\u00e9s rencontr\u00e9es par la diaspora.<\/div>\n<div dir=\"auto\">Apr\u00e8s un r\u00e9sum\u00e9 de la situation s\u00e9curitaire qui pr\u00e9vaut actuellement au Burkina, le Pr\u00e9sident de l&rsquo;Assembl\u00e9e l\u00e9gislative de Transition a demand\u00e9 l&rsquo;accompagnement de la diaspora pour un retour rapide de la paix et pour la coh\u00e9sion sociale au pays des hommes int\u00e8gres.<\/div>\n<div dir=\"auto\">La parole a ensuite \u00e9t\u00e9 donn\u00e9e \u00e0 l&rsquo;assistance pour des \u00e9changes directs. Les pr\u00e9occupations \u00e9voqu\u00e9es sont entre autres les tracasseries routi\u00e8res en territoire burkinab\u00e8, les probl\u00e8mes li\u00e9s \u00e0 la carte consulaire et \u00e0 la coh\u00e9sion sociale. La d\u00e9l\u00e9gation par la voix du pr\u00e9sident Bougouma a pris l&rsquo;engagement de se pencher sur les probl\u00e9matiques \u00e9voqu\u00e9es, en interpellant les diff\u00e9rents minist\u00e8res en charge de ces questions, pour que des solutions soient trouv\u00e9es des solutions.<\/div>\n","protected":false},"excerpt":{"rendered":"<p>Face \u00e0 la diaspora burkinab\u00e8 \u00e0 Bamako au Mali, ce mercredi 14 d\u00e9cembre 2022, le pr\u00e9sident de l&rsquo;Assembl\u00e9e l\u00e9gislative de Transition, Dr. Ousmane Bougouma, assist\u00e9 du 3eme vice-pr\u00e9sident de l&rsquo;ALT, Ousmane Diallo, et du pr\u00e9sident de la commission en charge des affaires \u00e9trang\u00e8res de la s\u00e9curit\u00e9 et des burkinab\u00e8 de l&rsquo;\u00e9tranger Daniel Zoungrana. Trois interventions [&hellip;]<\/p>\n","protected":false},"author":4,"featured_media":4285,"comment_status":"closed","ping_status":"open","sticky":false,"template":"","format":"standard","meta":{"footnotes":""},"categories":[29],"tags":[],"class_list":["post-4283","post","type-post","status-publish","format-standard","has-post-thumbnail","hentry","category-actualites"],"_links":{"self":[{"href":"https:\/\/cote-ivoire.diplomatie.gov.bf\/index.php\/wp-json\/wp\/v2\/posts\/4283","targetHints":{"allow":["GET"]}}],"collection":[{"href":"https:\/\/cote-ivoire.diplomatie.gov.bf\/index.php\/wp-json\/wp\/v2\/posts"}],"about":[{"href":"https:\/\/cote-ivoire.diplomatie.gov.bf\/index.php\/wp-json\/wp\/v2\/types\/post"}],"author":[{"embeddable":true,"href":"https:\/\/cote-ivoire.diplomatie.gov.bf\/index.php\/wp-json\/wp\/v2\/users\/4"}],"replies":[{"embeddable":true,"href":"https:\/\/cote-ivoire.diplomatie.gov.bf\/index.php\/wp-json\/wp\/v2\/comments?post=4283"}],"version-history":[{"count":1,"href":"https:\/\/cote-ivoire.diplomatie.gov.bf\/index.php\/wp-json\/wp\/v2\/posts\/4283\/revisions"}],"predecessor-version":[{"id":4286,"href":"https:\/\/cote-ivoire.diplomatie.gov.bf\/index.php\/wp-json\/wp\/v2\/posts\/4283\/revisions\/4286"}],"wp:featuredmedia":[{"embeddable":true,"href":"https:\/\/cote-ivoire.diplomatie.gov.bf\/index.php\/wp-json\/wp\/v2\/media\/4285"}],"wp:attachment":[{"href":"https:\/\/cote-ivoire.diplomatie.gov.bf\/index.php\/wp-json\/wp\/v2\/media?parent=4283"}],"wp:term":[{"taxonomy":"category","embeddable":true,"href":"https:\/\/cote-ivoire.diplomatie.gov.bf\/index.php\/wp-json\/wp\/v2\/categories?post=4283"},{"taxonomy":"post_tag","embeddable":true,"href":"https:\/\/cote-ivoire.diplomatie.gov.bf\/index.php\/wp-json\/wp\/v2\/tags?post=4283"}],"curies":[{"name":"wp","href":"https:\/\/api.w.org\/{rel}","templated":true}]}}