{"id":4287,"date":"2024-06-27T15:18:01","date_gmt":"2024-06-27T13:18:01","guid":{"rendered":"https:\/\/cote-ivoire.diplomatie.gov.bf\/?p=4287"},"modified":"2024-07-23T14:39:29","modified_gmt":"2024-07-23T12:39:29","slug":"cooperation-burkina-faso-republique-du-mali-les-travaux-techniques-de-la-10e-session-de-la-grande-commission-mixte-sont-lances","status":"publish","type":"post","link":"https:\/\/cote-ivoire.diplomatie.gov.bf\/index.php\/cooperation-burkina-faso-republique-du-mali-les-travaux-techniques-de-la-10e-session-de-la-grande-commission-mixte-sont-lances\/","title":{"rendered":"Coop\u00e9ration Burkina Faso-R\u00e9publique du Mali:les Travaux techniques de la 10e Session de la Grande Commission mixte sont lanc\u00e9s"},"content":{"rendered":"<div class=\"x11i5rnm xat24cr x1mh8g0r x1vvkbs xtlvy1s x126k92a\">\n<div dir=\"auto\">Le Burkina Faso et la R\u00e9publique du Mali ont entam\u00e9 \u00e0 Bamako, les Travaux techniques de la dixi\u00e8me (10e) Session de la Grande Commission mixte de coop\u00e9ration qui a lieu du 05 au 07 aout 2023.<\/div>\n<\/div>\n<div class=\"x11i5rnm xat24cr x1mh8g0r x1vvkbs xtlvy1s x126k92a\">\n<div dir=\"auto\">Lanc\u00e9s par le Secr\u00e9taire g\u00e9n\u00e9ral du minist\u00e8re des Affaires \u00e9trang\u00e8res et de la Coop\u00e9ration internationale de la R\u00e9publique du Mali, monsieur Seydou COULIBALY et le Directeur g\u00e9n\u00e9ral de la Coop\u00e9ration bilat\u00e9rale, monsieur Michel SOMMA, ces travaux vont permettre aux experts des deux parties de passer en revue l\u2019ensemble des vingt-deux(22) Accords de coop\u00e9ration d\u00e9j\u00e0 sign\u00e9s entre les deux pays et de proc\u00e9der aux n\u00e9gociations en vue de la signature de nouveaux Accords dont une vingtaine propos\u00e9e \u00e0 la pr\u00e9sente rencontre bilat\u00e9rale.<\/div>\n<\/div>\n<div class=\"x11i5rnm xat24cr x1mh8g0r x1vvkbs xtlvy1s x126k92a\">\n<div dir=\"auto\">Les experts burkinab\u00e8 et maliens repartis en commissions, ont sur la table des discussions, des projets d\u2019Accord qui concernent les secteurs de la d\u00e9fense, de la s\u00e9curit\u00e9 , de l\u2019administration du territoire, de la justice, des affaires \u00e9trang\u00e8res et de la coop\u00e9ration. D\u2019autres projets d\u2019Accords relatifs au transport a\u00e9rien, au transport ferroviaire, \u00e0 l\u2019enseignement sup\u00e9rieur et la recherche scientifique, au commerce, \u00e0 la jeunesse et \u00e0 l\u2019emploi entre autres, feront \u00e9galement l\u2019objet des n\u00e9gociations.<\/div>\n<\/div>\n<div class=\"x11i5rnm xat24cr x1mh8g0r x1vvkbs xtlvy1s x126k92a\">\n<div dir=\"auto\">Le Burkina Faso et la R\u00e9publique du Mali sont deux pays voisins qui partagent de nombreuses valeurs sociales, culturelles et historiques. Ils vivent des r\u00e9alit\u00e9s similaires et entretiennent des relations diplomatiques depuis leur accession \u00e0 l\u2019ind\u00e9pendance.<\/div>\n<\/div>\n<div class=\"x11i5rnm xat24cr x1mh8g0r x1vvkbs xtlvy1s x126k92a\">\n<div dir=\"auto\">Confront\u00e9s \u00e0 la pr\u00e9sente crise s\u00e9curitaire, les deux peuples sont plus que jamais d\u00e9termin\u00e9s \u00e0 construire un avenir commun avec des Accords qui r\u00e9pondent fondamentalement \u00e0 leurs aspirations et cela, dans la nouvelle dynamique de Coop\u00e9ration impuls\u00e9e par les deux chefs d\u2019Etat, leurs Excellences, le Capitaine Ibrahim TRAORE et le Colonel Assimi GOITA.<\/div>\n<\/div>\n<div class=\"x11i5rnm xat24cr x1mh8g0r x1vvkbs xtlvy1s x126k92a\">\n<div dir=\"auto\">La Grande Commission mixte de coop\u00e9ration entre le Burkina Faso et la R\u00e9publique du Mali a \u00e9t\u00e9 institu\u00e9 le 24 octobre 1983 sous la R\u00e9volution du Capitaine Thomas SANKARA.<\/div>\n<div dir=\"auto\">Retenons \u00e9galement que la neuvi\u00e8me (9e ) Session de cette consultation bilat\u00e9rale s\u2019est tenue en juillet 2010 \u00e0 Ouagadougou et avait permis d\u2019\u00e9largir les axes de la collaboration particuli\u00e8rement dans les domaines de la coop\u00e9ration transfrontali\u00e8re.<\/div>\n<\/div>\n","protected":false},"excerpt":{"rendered":"<p>Le Burkina Faso et la R\u00e9publique du Mali ont entam\u00e9 \u00e0 Bamako, les Travaux techniques de la dixi\u00e8me (10e) Session de la Grande Commission mixte de coop\u00e9ration qui a lieu du 05 au 07 aout 2023. Lanc\u00e9s par le Secr\u00e9taire g\u00e9n\u00e9ral du minist\u00e8re des Affaires \u00e9trang\u00e8res et de la Coop\u00e9ration internationale de la R\u00e9publique du [&hellip;]<\/p>\n","protected":false},"author":4,"featured_media":4291,"comment_status":"closed","ping_status":"open","sticky":false,"template":"","format":"standard","meta":{"footnotes":""},"categories":[29],"tags":[],"class_list":["post-4287","post","type-post","status-publish","format-standard","has-post-thumbnail","hentry","category-actualites"],"_links":{"self":[{"href":"https:\/\/cote-ivoire.diplomatie.gov.bf\/index.php\/wp-json\/wp\/v2\/posts\/4287","targetHints":{"allow":["GET"]}}],"collection":[{"href":"https:\/\/cote-ivoire.diplomatie.gov.bf\/index.php\/wp-json\/wp\/v2\/posts"}],"about":[{"href":"https:\/\/cote-ivoire.diplomatie.gov.bf\/index.php\/wp-json\/wp\/v2\/types\/post"}],"author":[{"embeddable":true,"href":"https:\/\/cote-ivoire.diplomatie.gov.bf\/index.php\/wp-json\/wp\/v2\/users\/4"}],"replies":[{"embeddable":true,"href":"https:\/\/cote-ivoire.diplomatie.gov.bf\/index.php\/wp-json\/wp\/v2\/comments?post=4287"}],"version-history":[{"count":3,"href":"https:\/\/cote-ivoire.diplomatie.gov.bf\/index.php\/wp-json\/wp\/v2\/posts\/4287\/revisions"}],"predecessor-version":[{"id":4622,"href":"https:\/\/cote-ivoire.diplomatie.gov.bf\/index.php\/wp-json\/wp\/v2\/posts\/4287\/revisions\/4622"}],"wp:featuredmedia":[{"embeddable":true,"href":"https:\/\/cote-ivoire.diplomatie.gov.bf\/index.php\/wp-json\/wp\/v2\/media\/4291"}],"wp:attachment":[{"href":"https:\/\/cote-ivoire.diplomatie.gov.bf\/index.php\/wp-json\/wp\/v2\/media?parent=4287"}],"wp:term":[{"taxonomy":"category","embeddable":true,"href":"https:\/\/cote-ivoire.diplomatie.gov.bf\/index.php\/wp-json\/wp\/v2\/categories?post=4287"},{"taxonomy":"post_tag","embeddable":true,"href":"https:\/\/cote-ivoire.diplomatie.gov.bf\/index.php\/wp-json\/wp\/v2\/tags?post=4287"}],"curies":[{"name":"wp","href":"https:\/\/api.w.org\/{rel}","templated":true}]}}