{"id":4288,"date":"2024-06-27T15:19:21","date_gmt":"2024-06-27T13:19:21","guid":{"rendered":"https:\/\/cote-ivoire.diplomatie.gov.bf\/?p=4288"},"modified":"2024-07-23T14:39:29","modified_gmt":"2024-07-23T12:39:29","slug":"10e-session-de-la-grande-commission-mixte-de-cooperation-burkina-faso-republique-du-mali-la-cheffe-de-la-diplomatie-burkinabe-a-bamako","status":"publish","type":"post","link":"https:\/\/cote-ivoire.diplomatie.gov.bf\/index.php\/10e-session-de-la-grande-commission-mixte-de-cooperation-burkina-faso-republique-du-mali-la-cheffe-de-la-diplomatie-burkinabe-a-bamako\/","title":{"rendered":"10e Session de la Grande Commission mixte de coop\u00e9ration Burkina Faso-R\u00e9publique du Mali : la cheffe de la diplomatie burkinab\u00e8 \u00e0 Bamako"},"content":{"rendered":"<div class=\"x11i5rnm xat24cr x1mh8g0r x1vvkbs xtlvy1s x126k92a\">\n<div dir=\"auto\">La cheffe de la diplomatie burkinab\u00e8, S.E. Madame Olivia ROUAMBA est arriv\u00e9e dans l&rsquo;apr\u00e8s-midi du 05 ao\u00fbt 2023 \u00e0 Bamako.<\/div>\n<div dir=\"auto\">Une visite de travail qui intervient dans le cadre de la tenue de la 10e Session de la Grande Commission mixte de coop\u00e9ration entre le Burkina Faso et la R\u00e9publique du Mali.<\/div>\n<\/div>\n<div class=\"x11i5rnm xat24cr x1mh8g0r x1vvkbs xtlvy1s x126k92a\">\n<div dir=\"auto\">La ministre des Affaires \u00e9trang\u00e8res, de la Coop\u00e9ration r\u00e9gionale et des Burkinab\u00e8 de l\u2019ext\u00e9rieur a \u00e9t\u00e9 accueillie \u00e0 l\u2019a\u00e9roport par son homologue malien, S.E. Monsieur Abdoulaye DIOP.<\/div>\n<\/div>\n<div class=\"x11i5rnm xat24cr x1mh8g0r x1vvkbs xtlvy1s x126k92a\">\n<div dir=\"auto\">Les deux personnalit\u00e9s devront proc\u00e9der \u00e0 l&rsquo;ouverture officielle des travaux de la rencontre bilat\u00e9rale le 07 ao\u00fbt prochain. Elles auront \u00e9galement \u00e0 acter par leurs signatures, les Accords de coop\u00e9ration convenus entre les deux pays.<\/div>\n<\/div>\n","protected":false},"excerpt":{"rendered":"<p>La cheffe de la diplomatie burkinab\u00e8, S.E. Madame Olivia ROUAMBA est arriv\u00e9e dans l&rsquo;apr\u00e8s-midi du 05 ao\u00fbt 2023 \u00e0 Bamako. Une visite de travail qui intervient dans le cadre de la tenue de la 10e Session de la Grande Commission mixte de coop\u00e9ration entre le Burkina Faso et la R\u00e9publique du Mali. La ministre des [&hellip;]<\/p>\n","protected":false},"author":4,"featured_media":4295,"comment_status":"closed","ping_status":"open","sticky":false,"template":"","format":"standard","meta":{"footnotes":""},"categories":[29],"tags":[],"class_list":["post-4288","post","type-post","status-publish","format-standard","has-post-thumbnail","hentry","category-actualites"],"_links":{"self":[{"href":"https:\/\/cote-ivoire.diplomatie.gov.bf\/index.php\/wp-json\/wp\/v2\/posts\/4288","targetHints":{"allow":["GET"]}}],"collection":[{"href":"https:\/\/cote-ivoire.diplomatie.gov.bf\/index.php\/wp-json\/wp\/v2\/posts"}],"about":[{"href":"https:\/\/cote-ivoire.diplomatie.gov.bf\/index.php\/wp-json\/wp\/v2\/types\/post"}],"author":[{"embeddable":true,"href":"https:\/\/cote-ivoire.diplomatie.gov.bf\/index.php\/wp-json\/wp\/v2\/users\/4"}],"replies":[{"embeddable":true,"href":"https:\/\/cote-ivoire.diplomatie.gov.bf\/index.php\/wp-json\/wp\/v2\/comments?post=4288"}],"version-history":[{"count":1,"href":"https:\/\/cote-ivoire.diplomatie.gov.bf\/index.php\/wp-json\/wp\/v2\/posts\/4288\/revisions"}],"predecessor-version":[{"id":4300,"href":"https:\/\/cote-ivoire.diplomatie.gov.bf\/index.php\/wp-json\/wp\/v2\/posts\/4288\/revisions\/4300"}],"wp:featuredmedia":[{"embeddable":true,"href":"https:\/\/cote-ivoire.diplomatie.gov.bf\/index.php\/wp-json\/wp\/v2\/media\/4295"}],"wp:attachment":[{"href":"https:\/\/cote-ivoire.diplomatie.gov.bf\/index.php\/wp-json\/wp\/v2\/media?parent=4288"}],"wp:term":[{"taxonomy":"category","embeddable":true,"href":"https:\/\/cote-ivoire.diplomatie.gov.bf\/index.php\/wp-json\/wp\/v2\/categories?post=4288"},{"taxonomy":"post_tag","embeddable":true,"href":"https:\/\/cote-ivoire.diplomatie.gov.bf\/index.php\/wp-json\/wp\/v2\/tags?post=4288"}],"curies":[{"name":"wp","href":"https:\/\/api.w.org\/{rel}","templated":true}]}}